{"id":10380,"date":"2025-04-05T04:58:02","date_gmt":"2025-04-05T07:58:02","guid":{"rendered":"https:\/\/www.mussicom.com\/quando-estreia-o-documentario-cazuza-boas-novas\/"},"modified":"2025-04-05T04:58:02","modified_gmt":"2025-04-05T07:58:02","slug":"quando-estreia-o-documentario-cazuza-boas-novas","status":"publish","type":"post","link":"https:\/\/mussicom.com\/noticias\/quando-estreia-o-documentario-cazuza-boas-novas\/","title":{"rendered":"Quando estreia o document\u00e1rio Cazuza: Boas Novas?"},"content":{"rendered":"<p> <br \/>\n<\/p>\n<div>\n<p class=\"\" data-end=\"531\" data-start=\"70\">A trajet\u00f3ria intensa e criativa de <strong>Cazuza<\/strong> entre 1987 e 1989 ser\u00e1 tema do document\u00e1rio <strong><em data-end=\"176\" data-start=\"156\">Cazuza: Boas Novas<\/em><\/strong>, que chega aos cinemas em julho de 2025. O filme revisita um dos per\u00edodos mais marcantes do artista, quando, mesmo enfrentando o agravamento de sua sa\u00fade devido ao diagn\u00f3stico de AIDS, ele lan\u00e7ou tr\u00eas \u00e1lbuns de est\u00fadio, recebeu pr\u00eamios importantes e realizou mais de 40 apresenta\u00e7\u00f5es do espet\u00e1culo<strong><em data-end=\"482\" data-start=\"464\">O Tempo N\u00e3o Para<\/em><\/strong>, consolidando seu legado na m\u00fasica brasileira.<\/p>\n<p class=\"\" data-end=\"790\" data-start=\"533\">Dirigido por <strong>Nilo Romero<\/strong>, que foi amigo do artista, parceiro de composi\u00e7\u00f5es e diretor musical do ic\u00f4nico show <strong>O Tempo N\u00e3o Para<\/strong>, o document\u00e1rio traz imagens raras, v\u00eddeos in\u00e9ditos e depoimentos de artistas como <strong>Ney Matogrosso<\/strong>, <strong>Gilberto Gil<\/strong>, <strong>Frejat<\/strong> e <strong>Lucinha Ara\u00fajo<\/strong>.<\/p>\n<p class=\"\" data-end=\"1026\" data-start=\"792\">A produ\u00e7\u00e3o \u00e9 assinada pela <strong>5e60 Filmes<\/strong> e ser\u00e1 distribu\u00edda em parceria entre a <strong>Curta Cine Distribuidora<\/strong> (bra\u00e7o do <em>Canal Curta!<\/em>) e <strong>Kaj\u00e1 Filmes<\/strong>, refor\u00e7ando a import\u00e2ncia de manter viva a hist\u00f3ria de grandes nomes da cultura nacional.<\/p>\n<p><strong>LEIA TAMB\u00c9M: A curiosa rela\u00e7\u00e3o entre Supla e Cazuza, que rendeu at\u00e9 m\u00fasica em parceria<\/strong><\/p>\n<hr\/>\n<blockquote class=\"amdb-polls\" contenteditable=\"false\" data-sid=\"\/polls\/4\/embed\/\">\n<p>Qual m\u00fasica com Elis Regina \u00e9 a sua favorita?<\/p>\n<ul>\n<li>\u00c1guas de mar\u00e7o<\/li>\n<li>Como nossos pais<\/li>\n<li>Madalena<\/li>\n<li>O b\u00eabado e a equilibrista<\/li>\n<li>Atr\u00e1s da porta<\/li>\n<li>Romaria<\/li>\n<li>Velha roupa colorida<\/li>\n<li>Aprendendo a jogar<\/li>\n<li>Fascina\u00e7\u00e3o<\/li>\n<li>Pois \u00e9<\/li>\n<\/ul>\n<\/blockquote>\n<\/div>\n<p><br \/>\n<br \/>Fonte: <a href=\"https:\/\/rollingstone.com.br\/cinema\/quando-estreia-o-documentario-cazuza-boas-novas\/\">rollingstone.com.br<\/a><\/p>\n","protected":false},"excerpt":{"rendered":"<p>A trajet\u00f3ria intensa e criativa de Cazuza entre 1987 e 1989 ser\u00e1 tema do document\u00e1rio Cazuza: Boas Novas, que chega aos cinemas em julho de 2025. O filme revisita um dos per\u00edodos mais marcantes do artista, quando, mesmo enfrentando o agravamento de sua sa\u00fade devido ao diagn\u00f3stico de AIDS, ele lan\u00e7ou tr\u00eas \u00e1lbuns de est\u00fadio, [&hellip;]<\/p>\n","protected":false},"author":5,"featured_media":10381,"comment_status":"open","ping_status":"open","sticky":false,"template":"","format":"standard","meta":{"_seopress_robots_primary_cat":"","_seopress_titles_title":"","_seopress_titles_desc":"","_seopress_robots_index":"","footnotes":""},"categories":[51],"tags":[],"class_list":["post-10380","post","type-post","status-publish","format-standard","has-post-thumbnail","hentry","category-musica"],"_links":{"self":[{"href":"https:\/\/mussicom.com\/noticias\/wp-json\/wp\/v2\/posts\/10380","targetHints":{"allow":["GET"]}}],"collection":[{"href":"https:\/\/mussicom.com\/noticias\/wp-json\/wp\/v2\/posts"}],"about":[{"href":"https:\/\/mussicom.com\/noticias\/wp-json\/wp\/v2\/types\/post"}],"author":[{"embeddable":true,"href":"https:\/\/mussicom.com\/noticias\/wp-json\/wp\/v2\/users\/5"}],"replies":[{"embeddable":true,"href":"https:\/\/mussicom.com\/noticias\/wp-json\/wp\/v2\/comments?post=10380"}],"version-history":[{"count":0,"href":"https:\/\/mussicom.com\/noticias\/wp-json\/wp\/v2\/posts\/10380\/revisions"}],"wp:featuredmedia":[{"embeddable":true,"href":"https:\/\/mussicom.com\/noticias\/wp-json\/wp\/v2\/media\/10381"}],"wp:attachment":[{"href":"https:\/\/mussicom.com\/noticias\/wp-json\/wp\/v2\/media?parent=10380"}],"wp:term":[{"taxonomy":"category","embeddable":true,"href":"https:\/\/mussicom.com\/noticias\/wp-json\/wp\/v2\/categories?post=10380"},{"taxonomy":"post_tag","embeddable":true,"href":"https:\/\/mussicom.com\/noticias\/wp-json\/wp\/v2\/tags?post=10380"}],"curies":[{"name":"wp","href":"https:\/\/api.w.org\/{rel}","templated":true}]}}