{"id":10320,"date":"2025-04-04T22:24:05","date_gmt":"2025-04-05T01:24:05","guid":{"rendered":"https:\/\/mussicom.com\/os-diversos-beneficios-do-cravo-e-da-canela\/"},"modified":"2025-04-04T22:24:05","modified_gmt":"2025-04-05T01:24:05","slug":"os-diversos-beneficios-do-cravo-e-da-canela","status":"publish","type":"post","link":"https:\/\/mussicom.com\/noticias\/os-diversos-beneficios-do-cravo-e-da-canela\/","title":{"rendered":"Os diversos benef\u00edcios do cravo e da canela"},"content":{"rendered":"<p> <br \/>\n<\/p>\n<div id=\"hd80s9wa1h892edh8192\">\n<p>O cravo e a canela s\u00e3o especiarias populares e com diversas utilidades, seja na <strong>sa\u00fade<\/strong> ou na espiritualidade.<\/p>\n<figure class=\"wp-block-embed is-type-video is-provider-youtube wp-block-embed-youtube wp-embed-aspect-16-9 wp-has-aspect-ratio\">\n<div class=\"wp-block-embed__wrapper\">\n<div class=\"perfmatters-lazy-youtube\" data-src=\"https:\/\/www.youtube.com\/embed\/ZTnPubybvqo\" data-id=\"ZTnPubybvqo\" data-query=\"feature=oembed\" onclick=\"perfmattersLazyLoadYouTube(this);\">\n<div><img fetchpriority=\"high\" decoding=\"async\" src=\"https:\/\/i.ytimg.com\/vi\/ZTnPubybvqo\/hqdefault.jpg\" alt=\"YouTube video\" width=\"480\" height=\"360\" data-pin-nopin=\"true\" nopin=\"nopin\"\/><\/div>\n<\/div>\n<p><noscript><iframe title=\"A For\u00e7a do Agro, com Joice Maffezzolli - Os diversos benef\u00edcios do cravo e da canela\" width=\"800\" height=\"450\" src=\"https:\/\/www.youtube.com\/embed\/ZTnPubybvqo?feature=oembed\" frameborder=\"0\" allow=\"accelerometer; autoplay; clipboard-write; encrypted-media; gyroscope; picture-in-picture; web-share\" referrerpolicy=\"strict-origin-when-cross-origin\" allowfullscreen><\/iframe><\/noscript>\n<\/div>\n<\/figure>\n<p>A canela, por exemplo, auxilia no emagrecimento. O cravo, por sua vez, serve como analg\u00e9sico natural.<\/p>\n<p>Na espiritualidade, as dupla pode ser usada como fragr\u00e2ncias afrodis\u00edacas. Al\u00e9m disso, podem ser usados como alimentos.<\/p>\n<p>No entanto, apesar de todos os benef\u00edcios, as especiarias possuem diferen\u00e7as entre seus tipos. H\u00e1, nesse sentido, canela em p\u00f3 ou em pau, fora os diferentes tipos de cravo. O consumidor deve estar atento na quantidade para o consumo e os benef\u00edcios de cada um deles.<\/p>\n<h2 class=\"wp-block-heading\">Cravo e canela em destaque<\/h2>\n<p>Em <strong>A For\u00e7a do Agro<\/strong> desta sexta-feira, 4, o espectador descobriu os benef\u00edcios do cravo e da canela. Al\u00e9m disso, viu curiosidades sobre mitos a serem desmistificados e a fun\u00e7\u00e3o na espiritualidade.<\/p>\n<h2 class=\"wp-block-heading\">A For\u00e7a do Agro<\/h2>\n<p>Com uma crescente necessidade de pr\u00e1ticas mais sustent\u00e1veis, o <strong>agroneg\u00f3cio<\/strong> busca inovar constantemente para aprimorar a produtividade e minimizar impactos ambientais.<\/p>\n<p>Em <strong>A For\u00e7a do Agro<\/strong> s\u00e3o apresentados os principais t\u00f3picos que fazem o agro ser t\u00e3o especial.<\/p>\n<p>De segunda a sexta-feira, o programa leva informa\u00e7\u00e3o e conhecimento ao internauta e tem o papel de conectar o campo \u00e0 cidade, mas de uma maneira leve e descontra\u00edda.<\/p>\n<h2 class=\"wp-block-heading\"><strong>Servi\u00e7o<\/strong><\/h2>\n<p><strong>A For\u00e7a do Agro<\/strong><br \/>De segunda a sexta-feira<br \/>\u00c0s 19h50min, depois do <strong>Oeste Sem Filtro<\/strong>, tamb\u00e9m na <em>playlist<\/em> exclusiva no YouTube<br \/><strong>Clique aqui para se inscrever<\/strong><\/p>\n<\/p><\/div>\n<p><br \/>\n<br \/>Fonte: <a href=\"https:\/\/revistaoeste.com\/agronegocio\/os-diversos-beneficios-do-cravo-e-da-canela\/\">Revista Oeste<\/a><\/p>\n","protected":false},"excerpt":{"rendered":"<p>O cravo e a canela s\u00e3o especiarias populares e com diversas utilidades, seja na sa\u00fade ou na espiritualidade. A canela, por exemplo, auxilia no emagrecimento. O cravo, por sua vez, serve como analg\u00e9sico natural. Na espiritualidade, as dupla pode ser usada como fragr\u00e2ncias afrodis\u00edacas. Al\u00e9m disso, podem ser usados como alimentos. No entanto, apesar de [&hellip;]<\/p>\n","protected":false},"author":5,"featured_media":10321,"comment_status":"open","ping_status":"open","sticky":false,"template":"","format":"standard","meta":{"_seopress_robots_primary_cat":"","_seopress_titles_title":"","_seopress_titles_desc":"","_seopress_robots_index":"","footnotes":""},"categories":[53],"tags":[],"class_list":["post-10320","post","type-post","status-publish","format-standard","has-post-thumbnail","hentry","category-agronegocio"],"_links":{"self":[{"href":"https:\/\/mussicom.com\/noticias\/wp-json\/wp\/v2\/posts\/10320","targetHints":{"allow":["GET"]}}],"collection":[{"href":"https:\/\/mussicom.com\/noticias\/wp-json\/wp\/v2\/posts"}],"about":[{"href":"https:\/\/mussicom.com\/noticias\/wp-json\/wp\/v2\/types\/post"}],"author":[{"embeddable":true,"href":"https:\/\/mussicom.com\/noticias\/wp-json\/wp\/v2\/users\/5"}],"replies":[{"embeddable":true,"href":"https:\/\/mussicom.com\/noticias\/wp-json\/wp\/v2\/comments?post=10320"}],"version-history":[{"count":0,"href":"https:\/\/mussicom.com\/noticias\/wp-json\/wp\/v2\/posts\/10320\/revisions"}],"wp:featuredmedia":[{"embeddable":true,"href":"https:\/\/mussicom.com\/noticias\/wp-json\/wp\/v2\/media\/10321"}],"wp:attachment":[{"href":"https:\/\/mussicom.com\/noticias\/wp-json\/wp\/v2\/media?parent=10320"}],"wp:term":[{"taxonomy":"category","embeddable":true,"href":"https:\/\/mussicom.com\/noticias\/wp-json\/wp\/v2\/categories?post=10320"},{"taxonomy":"post_tag","embeddable":true,"href":"https:\/\/mussicom.com\/noticias\/wp-json\/wp\/v2\/tags?post=10320"}],"curies":[{"name":"wp","href":"https:\/\/api.w.org\/{rel}","templated":true}]}}