{"id":10219,"date":"2025-04-04T14:06:12","date_gmt":"2025-04-04T17:06:12","guid":{"rendered":"https:\/\/www.mussicom.com\/anvisa-proibe-suplementos-alimentares-com-ora-pro-nobis\/"},"modified":"2025-04-04T14:06:12","modified_gmt":"2025-04-04T17:06:12","slug":"anvisa-proibe-suplementos-alimentares-com-ora-pro-nobis","status":"publish","type":"post","link":"https:\/\/mussicom.com\/noticias\/anvisa-proibe-suplementos-alimentares-com-ora-pro-nobis\/","title":{"rendered":"Anvisa pro\u00edbe suplementos alimentares com ora-pro-n\u00f3bis"},"content":{"rendered":"<p> <br \/>\n<\/p>\n<div>\n<p><strong>A Ag\u00eancia Nacional de Vigil\u00e2ncia Sanit\u00e1ria (Anvisa) proibiu a comercializa\u00e7\u00e3o, a distribui\u00e7\u00e3o, a fabrica\u00e7\u00e3o, a propaganda e o uso de suplementos alimentares contendo ora-pro-n\u00f3bis<\/strong>. A resolu\u00e7\u00e3o, publicada no <em>Di\u00e1rio Oficial da Uni\u00e3o<\/em>, determina ainda o recolhimento dos produtos.<img decoding=\"async\" src=\"https:\/\/agenciabrasil.ebc.com.br\/ebc.gif?id=1637580&amp;o=node\" style=\"width:1px; height:1px; display:inline;\"\/><\/p>\n<p>Em nota, a Anvisa informou que a decis\u00e3o foi adotada porque a planta, de nome cient\u00edfico <em>Pereskia aculeata<\/em>, n\u00e3o \u00e9 autorizada como constituinte para suplementos alimentares.<\/p>\n<blockquote>\n<p>\u201cPara um ingrediente espec\u00edfico ser autorizado como suplemento alimentar, \u00e9 necess\u00e1rio que ele passe por uma avalia\u00e7\u00e3o de seguran\u00e7a e efic\u00e1cia\u201d, destacou a ag\u00eancia no comunicado.<\/p>\n<\/blockquote>\n<p>Isso significa que empresas interessadas em comercializar o produto devem comprovar, de forma cient\u00edfica, que ele \u00e9 fonte de algum nutriente ou subst\u00e2ncia de relev\u00e2ncia para o corpo humano.<\/p>\n<blockquote>\n<p>\u201cSuplementos alimentares n\u00e3o s\u00e3o medicamentos e, por isso, n\u00e3o podem alegar efeitos terap\u00eauticos como tratamento, preven\u00e7\u00e3o ou cura de doen\u00e7as. Os suplementos s\u00e3o destinados a pessoas saud\u00e1veis. Sua finalidade \u00e9 fornecer nutrientes, subst\u00e2ncias bioativas, enzimas ou probi\u00f3ticos em complemento \u00e0 alimenta\u00e7\u00e3o.\u201d<\/p>\n<\/blockquote>\n<p>A medida, segundo a Anvisa, n\u00e3o afeta o consumo ou a comercializa\u00e7\u00e3o da planta fresca, que tem tradi\u00e7\u00e3o de uso na alimenta\u00e7\u00e3o, sobretudo nos estados de Goi\u00e1s e Minas Gerais.<\/p>\n<p>\u00a0<\/p>\n<p>      <!-- Relacionada --><\/p>\n<p>            <!-- Relacionada -->\n    <\/div>\n<p><br \/>\n<br \/>Fonte: <a href=\"https:\/\/agenciabrasil.ebc.com.br\/saude\/noticia\/2025-04\/anvisa-proibe-suplementos-alimentares-com-ora-pro-nobis\">Ag\u00eancia Brasil<\/a><\/p>\n","protected":false},"excerpt":{"rendered":"<p>A Ag\u00eancia Nacional de Vigil\u00e2ncia Sanit\u00e1ria (Anvisa) proibiu a comercializa\u00e7\u00e3o, a distribui\u00e7\u00e3o, a fabrica\u00e7\u00e3o, a propaganda e o uso de suplementos alimentares contendo ora-pro-n\u00f3bis. A resolu\u00e7\u00e3o, publicada no Di\u00e1rio Oficial da Uni\u00e3o, determina ainda o recolhimento dos produtos. Em nota, a Anvisa informou que a decis\u00e3o foi adotada porque a planta, de nome cient\u00edfico Pereskia [&hellip;]<\/p>\n","protected":false},"author":5,"featured_media":9213,"comment_status":"open","ping_status":"open","sticky":false,"template":"","format":"standard","meta":{"_seopress_robots_primary_cat":"","_seopress_titles_title":"","_seopress_titles_desc":"","_seopress_robots_index":"","footnotes":""},"categories":[46],"tags":[],"class_list":["post-10219","post","type-post","status-publish","format-standard","has-post-thumbnail","hentry","category-saude"],"_links":{"self":[{"href":"https:\/\/mussicom.com\/noticias\/wp-json\/wp\/v2\/posts\/10219","targetHints":{"allow":["GET"]}}],"collection":[{"href":"https:\/\/mussicom.com\/noticias\/wp-json\/wp\/v2\/posts"}],"about":[{"href":"https:\/\/mussicom.com\/noticias\/wp-json\/wp\/v2\/types\/post"}],"author":[{"embeddable":true,"href":"https:\/\/mussicom.com\/noticias\/wp-json\/wp\/v2\/users\/5"}],"replies":[{"embeddable":true,"href":"https:\/\/mussicom.com\/noticias\/wp-json\/wp\/v2\/comments?post=10219"}],"version-history":[{"count":0,"href":"https:\/\/mussicom.com\/noticias\/wp-json\/wp\/v2\/posts\/10219\/revisions"}],"wp:featuredmedia":[{"embeddable":true,"href":"https:\/\/mussicom.com\/noticias\/wp-json\/wp\/v2\/media\/9213"}],"wp:attachment":[{"href":"https:\/\/mussicom.com\/noticias\/wp-json\/wp\/v2\/media?parent=10219"}],"wp:term":[{"taxonomy":"category","embeddable":true,"href":"https:\/\/mussicom.com\/noticias\/wp-json\/wp\/v2\/categories?post=10219"},{"taxonomy":"post_tag","embeddable":true,"href":"https:\/\/mussicom.com\/noticias\/wp-json\/wp\/v2\/tags?post=10219"}],"curies":[{"name":"wp","href":"https:\/\/api.w.org\/{rel}","templated":true}]}}