{"id":10156,"date":"2025-04-04T07:46:09","date_gmt":"2025-04-04T10:46:09","guid":{"rendered":"https:\/\/www.mussicom.com\/o-drama-da-idosa-presa-pelo-8-de-janeiro\/"},"modified":"2025-04-04T07:46:09","modified_gmt":"2025-04-04T10:46:09","slug":"o-drama-da-idosa-presa-pelo-8-de-janeiro","status":"publish","type":"post","link":"https:\/\/mussicom.com\/noticias\/o-drama-da-idosa-presa-pelo-8-de-janeiro\/","title":{"rendered":"O drama da idosa presa pelo 8 de janeiro"},"content":{"rendered":"<p> <br \/>\n<\/p>\n<div id=\"hd80s9wa1h892edh8192\">\n<p>Adalgiza Maria Dourado, de 65 anos, foi condenada a 14 anos de pris\u00e3o por causa dos atos do 8 de janeiro de 2023. A idosa est\u00e1 presa desde maio de 2024 no Pres\u00eddio Feminino do Distrito Federal, conhecido como Colmeia. \u00c0 \u00e9poca, o ministro Alexandre de Moraes, do Supremo Tribunal Federal (<strong>STF<\/strong>), decretou a pris\u00e3o da manifestante ao alegar que Adalgiza descumpriu medidas cautelares.<\/p>\n<p><strong>+ Leia mais not\u00edcias de Pol\u00edtica em Oeste<\/strong><\/p>\n<p>Al\u00e9m de conviver com o drama de estar presa, Adalgiza tem de lutar contra a depress\u00e3o profunda, os pensamentos suicidas, o choro constante, as crises de ansiedade e as comorbidades.<\/p>\n<figure class=\"wp-block-embed is-type-video is-provider-youtube wp-block-embed-youtube wp-embed-aspect-16-9 wp-has-aspect-ratio\">\n<div class=\"wp-block-embed__wrapper\">\n<div class=\"perfmatters-lazy-youtube\" data-src=\"https:\/\/www.youtube.com\/embed\/bsT8yV-o3p0\" data-id=\"bsT8yV-o3p0\" data-query=\"feature=oembed\" onclick=\"perfmattersLazyLoadYouTube(this);\">\n<div><img fetchpriority=\"high\" decoding=\"async\" src=\"https:\/\/i.ytimg.com\/vi\/bsT8yV-o3p0\/hqdefault.jpg\" alt=\"YouTube video\" width=\"480\" height=\"360\" data-pin-nopin=\"true\" nopin=\"nopin\"\/><\/div>\n<\/div>\n<p><noscript><iframe title=\"Motta se reunir\u00e1 com Centr\u00e3o e oposi\u00e7\u00e3o para debater avan\u00e7o da anistia\" width=\"800\" height=\"450\" src=\"https:\/\/www.youtube.com\/embed\/bsT8yV-o3p0?feature=oembed\" frameborder=\"0\" allow=\"accelerometer; autoplay; clipboard-write; encrypted-media; gyroscope; picture-in-picture; web-share\" referrerpolicy=\"strict-origin-when-cross-origin\" allowfullscreen><\/iframe><\/noscript>\n<\/div>\n<\/figure>\n<p><strong>Oeste<\/strong> teve acesso ao prontu\u00e1rio m\u00e9dico da idosa. Em uma consulta realizada em agosto de 2024, Adalgiza relatou ao m\u00e9dico que teve ataques de p\u00e2nico em algumas ocasi\u00f5es.<\/p>\n<figure class=\"wp-block-image aligncenter size-full\"><picture><source data-srcset=\"https:\/\/medias.revistaoeste.com\/wp-content\/uploads\/2025\/04\/ataque-de-panico.jpg.webp 906w, https:\/\/medias.revistaoeste.com\/wp-content\/uploads\/2025\/04\/ataque-de-panico-300x76.jpg.webp 300w, https:\/\/medias.revistaoeste.com\/wp-content\/uploads\/2025\/04\/ataque-de-panico-150x38.jpg.webp 150w\" data-sizes=\"(max-width: 906px) 100vw, 906px\" type=\"image\/webp\"><img decoding=\"async\" width=\"906\" height=\"230\" alt=\"Prontu\u00e1rio m\u00e9dico de Adalgiza Maria Dourado | Foto: Reprodu\u00e7\u00e3o\/Minist\u00e9rio da Sa\u00fade\" class=\"wp-image-1946845 perfmatters-lazy\" data-eio=\"p\" src=\"https:\/\/medias.revistaoeste.com\/wp-content\/uploads\/2025\/04\/ataque-de-panico.jpg\" srcset=\"https:\/\/medias.revistaoeste.com\/wp-content\/uploads\/2025\/04\/ataque-de-panico.jpg 906w, https:\/\/medias.revistaoeste.com\/wp-content\/uploads\/2025\/04\/ataque-de-panico-300x76.jpg 300w, https:\/\/medias.revistaoeste.com\/wp-content\/uploads\/2025\/04\/ataque-de-panico-150x38.jpg 150w\" data-sizes=\"(max-width: 906px) 100vw, 906px\"\/><img decoding=\"async\" width=\"906\" height=\"230\" src=\"https:\/\/medias.revistaoeste.com\/wp-content\/uploads\/2025\/04\/ataque-de-panico.jpg\" alt=\"Prontu\u00e1rio m\u00e9dico de Adalgiza Maria Dourado | Foto: Reprodu\u00e7\u00e3o\/Minist\u00e9rio da Sa\u00fade\" class=\"wp-image-1946845\" srcset=\"https:\/\/medias.revistaoeste.com\/wp-content\/uploads\/2025\/04\/ataque-de-panico.jpg 906w, https:\/\/medias.revistaoeste.com\/wp-content\/uploads\/2025\/04\/ataque-de-panico-300x76.jpg 300w, https:\/\/medias.revistaoeste.com\/wp-content\/uploads\/2025\/04\/ataque-de-panico-150x38.jpg 150w\" sizes=\"(max-width: 906px) 100vw, 906px\" data-eio=\"p\"\/><\/source><\/picture><figcaption class=\"wp-element-caption\">Prontu\u00e1rio m\u00e9dico de Adalgiza Maria Dourado | Foto: Reprodu\u00e7\u00e3o\/Minist\u00e9rio da Sa\u00fade<\/figcaption><\/figure>\n<h2 class=\"wp-block-heading\">Presa pelo 8 de janeiro n\u00e3o pode permanecer sozinha na cela<\/h2>\n<p>Preocupado com a situa\u00e7\u00e3o, o m\u00e9dico que a atendeu pediu aos agentes penitenci\u00e1rios que n\u00e3o a deixassem sozinha dentro da cela, pois haveria risco de suic\u00eddio. A situa\u00e7\u00e3o ainda piorou quando Adalgiza descobriu que a Justi\u00e7a a condenou a 14 anos de pris\u00e3o.<\/p>\n<blockquote class=\"wp-block-quote is-layout-flow wp-block-quote-is-layout-flow\">\n<p>\u201cA paciente perdeu v\u00e1rios familiares por suic\u00eddio\u201d, relata o m\u00e9dico, no prontu\u00e1rio. \u201cNo pres\u00eddio, Adalgiza planeja enforcar-se.\u201d<\/p>\n<\/blockquote>\n<p>Al\u00e9m da tristeza intensa, a idosa disse ao m\u00e9dico que n\u00e3o consegue dormir bem, em raz\u00e3o das m\u00e1s condi\u00e7\u00f5es do colch\u00e3o.<\/p>\n<figure class=\"wp-block-image aligncenter size-full\"><picture><source data-srcset=\"https:\/\/medias.revistaoeste.com\/wp-content\/uploads\/2025\/04\/Nao-fique-sozinha.jpg.webp 875w, https:\/\/medias.revistaoeste.com\/wp-content\/uploads\/2025\/04\/Nao-fique-sozinha-300x40.jpg.webp 300w, https:\/\/medias.revistaoeste.com\/wp-content\/uploads\/2025\/04\/Nao-fique-sozinha-150x20.jpg.webp 150w\" data-sizes=\"(max-width: 875px) 100vw, 875px\" type=\"image\/webp\"><img loading=\"lazy\" decoding=\"async\" width=\"875\" height=\"116\" alt=\"Prontu\u00e1rio m\u00e9dico de Adalgiza Maria Dourado | Foto: Reprodu\u00e7\u00e3o\/Minist\u00e9rio da Sa\u00fade\" class=\"wp-image-1946837 perfmatters-lazy\" data-eio=\"p\" src=\"https:\/\/medias.revistaoeste.com\/wp-content\/uploads\/2025\/04\/Nao-fique-sozinha.jpg\" srcset=\"https:\/\/medias.revistaoeste.com\/wp-content\/uploads\/2025\/04\/Nao-fique-sozinha.jpg 875w, https:\/\/medias.revistaoeste.com\/wp-content\/uploads\/2025\/04\/Nao-fique-sozinha-300x40.jpg 300w, https:\/\/medias.revistaoeste.com\/wp-content\/uploads\/2025\/04\/Nao-fique-sozinha-150x20.jpg 150w\" data-sizes=\"(max-width: 875px) 100vw, 875px\"\/><img loading=\"lazy\" decoding=\"async\" width=\"875\" height=\"116\" src=\"https:\/\/medias.revistaoeste.com\/wp-content\/uploads\/2025\/04\/Nao-fique-sozinha.jpg\" alt=\"Prontu\u00e1rio m\u00e9dico de Adalgiza Maria Dourado | Foto: Reprodu\u00e7\u00e3o\/Minist\u00e9rio da Sa\u00fade\" class=\"wp-image-1946837\" srcset=\"https:\/\/medias.revistaoeste.com\/wp-content\/uploads\/2025\/04\/Nao-fique-sozinha.jpg 875w, https:\/\/medias.revistaoeste.com\/wp-content\/uploads\/2025\/04\/Nao-fique-sozinha-300x40.jpg 300w, https:\/\/medias.revistaoeste.com\/wp-content\/uploads\/2025\/04\/Nao-fique-sozinha-150x20.jpg 150w\" sizes=\"(max-width: 875px) 100vw, 875px\" data-eio=\"p\"\/><\/source><\/picture><figcaption class=\"wp-element-caption\">Prontu\u00e1rio m\u00e9dico de Adalgiza Maria Dourado | Foto: Reprodu\u00e7\u00e3o\/Minist\u00e9rio da Sa\u00fade<\/figcaption><\/figure>\n<p>De acordo com o prontu\u00e1rio m\u00e9dico, a paciente tamb\u00e9m relata ter \u201ctonturas espor\u00e1dicas\u201d. \u201cA paciente quase caiu no banheiro por causa da tontura\u201d, informa o prontu\u00e1rio. \u201cIsso se deu em raz\u00e3o do uso de medica\u00e7\u00f5es que combatem os pensamentos suic\u00eddas.\u201d<\/p>\n<figure class=\"wp-block-image aligncenter size-full\"><picture><source data-srcset=\"https:\/\/medias.revistaoeste.com\/wp-content\/uploads\/2025\/04\/Ministerio-da-Saude.jpg.webp 902w, https:\/\/medias.revistaoeste.com\/wp-content\/uploads\/2025\/04\/Ministerio-da-Saude-300x105.jpg.webp 300w, https:\/\/medias.revistaoeste.com\/wp-content\/uploads\/2025\/04\/Ministerio-da-Saude-150x53.jpg.webp 150w\" data-sizes=\"(max-width: 902px) 100vw, 902px\" type=\"image\/webp\"><img loading=\"lazy\" decoding=\"async\" width=\"902\" height=\"316\" alt=\"Prontu\u00e1rio m\u00e9dico de Adalgiza Maria Dourado | Foto: Reprodu\u00e7\u00e3o\/Minist\u00e9rio da Sa\u00fade\" class=\"wp-image-1946841 perfmatters-lazy\" data-eio=\"p\" src=\"https:\/\/medias.revistaoeste.com\/wp-content\/uploads\/2025\/04\/Ministerio-da-Saude.jpg\" srcset=\"https:\/\/medias.revistaoeste.com\/wp-content\/uploads\/2025\/04\/Ministerio-da-Saude.jpg 902w, https:\/\/medias.revistaoeste.com\/wp-content\/uploads\/2025\/04\/Ministerio-da-Saude-300x105.jpg 300w, https:\/\/medias.revistaoeste.com\/wp-content\/uploads\/2025\/04\/Ministerio-da-Saude-150x53.jpg 150w\" data-sizes=\"(max-width: 902px) 100vw, 902px\"\/><img loading=\"lazy\" decoding=\"async\" width=\"902\" height=\"316\" src=\"https:\/\/medias.revistaoeste.com\/wp-content\/uploads\/2025\/04\/Ministerio-da-Saude.jpg\" alt=\"Prontu\u00e1rio m\u00e9dico de Adalgiza Maria Dourado | Foto: Reprodu\u00e7\u00e3o\/Minist\u00e9rio da Sa\u00fade\" class=\"wp-image-1946841\" srcset=\"https:\/\/medias.revistaoeste.com\/wp-content\/uploads\/2025\/04\/Ministerio-da-Saude.jpg 902w, https:\/\/medias.revistaoeste.com\/wp-content\/uploads\/2025\/04\/Ministerio-da-Saude-300x105.jpg 300w, https:\/\/medias.revistaoeste.com\/wp-content\/uploads\/2025\/04\/Ministerio-da-Saude-150x53.jpg 150w\" sizes=\"(max-width: 902px) 100vw, 902px\" data-eio=\"p\"\/><\/source><\/picture><figcaption class=\"wp-element-caption\">Prontu\u00e1rio m\u00e9dico de Adalgiza Maria Dourado | Foto: Reprodu\u00e7\u00e3o\/Minist\u00e9rio da Sa\u00fade<\/figcaption><\/figure>\n<h2 class=\"wp-block-heading\">Advogado aciona a OEA<\/h2>\n<p>Esses problemas levaram Luiz Felipe da Cunha, advogado de Adalgiza, a acionar a Organiza\u00e7\u00e3o dos Estados Americanos (OEA) para denunciar viola\u00e7\u00f5es de direitos humanos.<\/p>\n<figure class=\"wp-block-image aligncenter size-full\"><picture><source data-srcset=\"https:\/\/medias.revistaoeste.com\/wp-content\/uploads\/2025\/04\/Adalgiza-Maria-Dourado.jpg.webp 419w, https:\/\/medias.revistaoeste.com\/wp-content\/uploads\/2025\/04\/Adalgiza-Maria-Dourado-300x266.jpg.webp 300w, https:\/\/medias.revistaoeste.com\/wp-content\/uploads\/2025\/04\/Adalgiza-Maria-Dourado-150x133.jpg.webp 150w\" data-sizes=\"(max-width: 419px) 100vw, 419px\" type=\"image\/webp\"><img loading=\"lazy\" decoding=\"async\" width=\"419\" height=\"372\" alt=\"Adalgiza Maria Dourado, presa pelo 8 de janeiro | Foto: Reprodu\u00e7\u00e3o\/Redes sociais\" class=\"wp-image-1946798 perfmatters-lazy\" data-eio=\"p\" src=\"https:\/\/medias.revistaoeste.com\/wp-content\/uploads\/2025\/04\/Adalgiza-Maria-Dourado.jpg\" srcset=\"https:\/\/medias.revistaoeste.com\/wp-content\/uploads\/2025\/04\/Adalgiza-Maria-Dourado.jpg 419w, https:\/\/medias.revistaoeste.com\/wp-content\/uploads\/2025\/04\/Adalgiza-Maria-Dourado-300x266.jpg 300w, https:\/\/medias.revistaoeste.com\/wp-content\/uploads\/2025\/04\/Adalgiza-Maria-Dourado-150x133.jpg 150w\" data-sizes=\"(max-width: 419px) 100vw, 419px\"\/><img loading=\"lazy\" decoding=\"async\" width=\"419\" height=\"372\" src=\"https:\/\/medias.revistaoeste.com\/wp-content\/uploads\/2025\/04\/Adalgiza-Maria-Dourado.jpg\" alt=\"Adalgiza Maria Dourado, presa pelo 8 de janeiro | Foto: Reprodu\u00e7\u00e3o\/Redes sociais\" class=\"wp-image-1946798\" srcset=\"https:\/\/medias.revistaoeste.com\/wp-content\/uploads\/2025\/04\/Adalgiza-Maria-Dourado.jpg 419w, https:\/\/medias.revistaoeste.com\/wp-content\/uploads\/2025\/04\/Adalgiza-Maria-Dourado-300x266.jpg 300w, https:\/\/medias.revistaoeste.com\/wp-content\/uploads\/2025\/04\/Adalgiza-Maria-Dourado-150x133.jpg 150w\" sizes=\"(max-width: 419px) 100vw, 419px\" data-eio=\"p\"\/><\/source><\/picture><figcaption class=\"wp-element-caption\">Adalgiza Maria Dourado, presa pelo 8 de janeiro | Foto: Reprodu\u00e7\u00e3o\/Redes sociais<\/figcaption><\/figure>\n<p>Cunha quer que a OEA recomende \u00e0 Justi\u00e7a brasileira a concess\u00e3o de pris\u00e3o domiciliar para Adalgiza, sobretudo porque a idosa corre \u201crisco de morte\u201d. Antes de ser presa, a idosa era volunt\u00e1ria em uma entidade que cuida de portadores de HIV.<\/p>\n<p><related-posts class=\"border-y border-gray-300 py-5\"><\/p>\n<h2 class=\"!text-2xl text-black font-primary font-semibold leading-none mb-3\">\n    Leia mais:<br \/>\n  <\/h2>\n<p><\/related-posts><\/p>\n<p>A <strong>Oeste<\/strong>, Cunha disse que solicitou atendimento m\u00e9dico e psiqui\u00e1trico a Adalgiza, para tratar da arritmia card\u00edaca, da depress\u00e3o profunda e dos pensamentos suicidas. De acordo com o advogado, a Justi\u00e7a do Distrito Federal autorizou a realiza\u00e7\u00e3o dos exames, mas at\u00e9 o momento n\u00e3o foram realizados.<\/p>\n<p><strong>Leia tamb\u00e9m: \u201cPelo resto da vida\u201d, artigo de J.R. Guzzo publicado na Edi\u00e7\u00e3o 260 da Revista Oeste<\/strong><\/p>\n<\/p><\/div>\n<p><br \/>\n<br \/>Fonte: <a href=\"https:\/\/revistaoeste.com\/politica\/depressao-profunda-choro-constante-e-crises-de-ansiedade-o-drama-da-idosa-presa-pelo-8-1\/\">Ag\u00eancia Brasil<\/a><\/p>\n","protected":false},"excerpt":{"rendered":"<p>Adalgiza Maria Dourado, de 65 anos, foi condenada a 14 anos de pris\u00e3o por causa dos atos do 8 de janeiro de 2023. A idosa est\u00e1 presa desde maio de 2024 no Pres\u00eddio Feminino do Distrito Federal, conhecido como Colmeia. \u00c0 \u00e9poca, o ministro Alexandre de Moraes, do Supremo Tribunal Federal (STF), decretou a pris\u00e3o [&hellip;]<\/p>\n","protected":false},"author":5,"featured_media":10157,"comment_status":"open","ping_status":"open","sticky":false,"template":"","format":"standard","meta":{"_seopress_robots_primary_cat":"","_seopress_titles_title":"","_seopress_titles_desc":"","_seopress_robots_index":"","footnotes":""},"categories":[47,1],"tags":[],"class_list":["post-10156","post","type-post","status-publish","format-standard","has-post-thumbnail","hentry","category-politica","category-ultimas-noticias"],"_links":{"self":[{"href":"https:\/\/mussicom.com\/noticias\/wp-json\/wp\/v2\/posts\/10156","targetHints":{"allow":["GET"]}}],"collection":[{"href":"https:\/\/mussicom.com\/noticias\/wp-json\/wp\/v2\/posts"}],"about":[{"href":"https:\/\/mussicom.com\/noticias\/wp-json\/wp\/v2\/types\/post"}],"author":[{"embeddable":true,"href":"https:\/\/mussicom.com\/noticias\/wp-json\/wp\/v2\/users\/5"}],"replies":[{"embeddable":true,"href":"https:\/\/mussicom.com\/noticias\/wp-json\/wp\/v2\/comments?post=10156"}],"version-history":[{"count":0,"href":"https:\/\/mussicom.com\/noticias\/wp-json\/wp\/v2\/posts\/10156\/revisions"}],"wp:featuredmedia":[{"embeddable":true,"href":"https:\/\/mussicom.com\/noticias\/wp-json\/wp\/v2\/media\/10157"}],"wp:attachment":[{"href":"https:\/\/mussicom.com\/noticias\/wp-json\/wp\/v2\/media?parent=10156"}],"wp:term":[{"taxonomy":"category","embeddable":true,"href":"https:\/\/mussicom.com\/noticias\/wp-json\/wp\/v2\/categories?post=10156"},{"taxonomy":"post_tag","embeddable":true,"href":"https:\/\/mussicom.com\/noticias\/wp-json\/wp\/v2\/tags?post=10156"}],"curies":[{"name":"wp","href":"https:\/\/api.w.org\/{rel}","templated":true}]}}