{"id":10104,"date":"2025-04-04T00:39:10","date_gmt":"2025-04-04T03:39:10","guid":{"rendered":"https:\/\/mussicom.com\/sanderson-denuncia-perseguicao-e-cobra-votacao-da-anistia\/"},"modified":"2025-04-04T00:39:10","modified_gmt":"2025-04-04T03:39:10","slug":"sanderson-denuncia-perseguicao-e-cobra-votacao-da-anistia","status":"publish","type":"post","link":"https:\/\/mussicom.com\/noticias\/sanderson-denuncia-perseguicao-e-cobra-votacao-da-anistia\/","title":{"rendered":"Sanderson denuncia persegui\u00e7\u00e3o e cobra vota\u00e7\u00e3o da anistia"},"content":{"rendered":"<p> <br \/>\n<\/p>\n<div id=\"hd80s9wa1h892edh8192\">\n<p>Durante entrevista concedida ao <strong>Est\u00fadio Oeste<\/strong> nesta quinta-feira, 3, o deputado federal Ubiratan Sanderson (PL-RS) denunciou o que considera \u201catos de intimida\u00e7\u00e3o\u201d promovidos por institui\u00e7\u00f5es aparelhadas pelo governo petista e alertou para a urg\u00eancia da vota\u00e7\u00e3o da anistia aos presos pelos atos de 8 de janeiro de 2023.<\/p>\n<p>O deputado critica a \u201cmarcha autorit\u00e1ria\u201d contra cidad\u00e3os inocentes e cita o caso da cabeleireira D\u00e9bora dos Santos, condenada depois de <strong>pichar uma est\u00e1tua<\/strong> durante os eventos de 8 de janeiro. \u201cFoi uma escrita que foi retirada no dia seguinte\u201d, destacou. \u201cCondenada a 14 anos de reclus\u00e3o e uma multa de R$ 30 milh\u00f5es.\u201d<\/p>\n<p><strong>+ Leia mais not\u00edcias de\u00a0Pol\u00edtica\u00a0em Oeste<\/strong><\/p>\n<p>Segundo Sanderson, o presidente da C\u00e2mara, Hugo Motta (Republicanos-PB), estaria em um jogo duplo. \u201cEle acendeu uma vela pra Deus e uma vela pro diabo\u201d, comparou. \u201cAgora, vai ter que prestar contas.\u201d<\/p>\n<p>O deputado ressaltou que, embora o presidente da Casa tenha o poder de pautar projetos, \u00e9 inadmiss\u00edvel que ele barre temas relevantes como este. \u201cExigimos e precisamos que o presidente da C\u00e2mara coloque na pauta, na ordem do dia, o projeto de lei de anistia.\u201d<\/p>\n<blockquote class=\"wp-block-quote is-layout-flow wp-block-quote-is-layout-flow\">\n<p>\u201cN\u00e3o queremos saber como \u00e9 que <em>[Hugo Motta]<\/em> vai votar\u201d, defende o deputado. \u201cQueremos apenas que ele coloque em vota\u00e7\u00e3o todos os projetos que sejam de interesse p\u00fablico.\u201d<\/p>\n<\/blockquote>\n<figure class=\"wp-block-embed is-type-video is-provider-youtube wp-block-embed-youtube wp-embed-aspect-4-3 wp-has-aspect-ratio\">\n<div class=\"wp-block-embed__wrapper\">\n<div class=\"perfmatters-lazy-youtube\" data-src=\"https:\/\/www.youtube.com\/embed\/0iHoaIEH-7U\" data-id=\"0iHoaIEH-7U\" data-query=\"feature=oembed\" onclick=\"perfmattersLazyLoadYouTube(this);\">\n<div><img fetchpriority=\"high\" decoding=\"async\" src=\"https:\/\/i.ytimg.com\/vi\/0iHoaIEH-7U\/hqdefault.jpg\" alt=\"YouTube video\" width=\"480\" height=\"360\" data-pin-nopin=\"true\" nopin=\"nopin\"\/><\/div>\n<\/div>\n<p><noscript><iframe title=\"Est\u00fadio Oeste 146 | A SEMANA REVISTA\" width=\"800\" height=\"450\" src=\"https:\/\/www.youtube.com\/embed\/0iHoaIEH-7U?feature=oembed\" frameborder=\"0\" allow=\"accelerometer; autoplay; clipboard-write; encrypted-media; gyroscope; picture-in-picture; web-share\" referrerpolicy=\"strict-origin-when-cross-origin\" allowfullscreen><\/iframe><\/noscript>\n<\/div>\n<\/figure>\n<p>O deputado tamb\u00e9m denunciou a paralisia de propostas importantes no Congresso. Ele destacou a Proposta de Emenda Constitucional que acaba com o foro privilegiado, aprovada no Senado desde 2017, mas engavetada na C\u00e2mara: \u201cRodrigo Maia segurou dois anos, Arthur Lira por quatro\u201d, recorda.<\/p>\n<p>Se aprovada, a PEC acabaria com a jurisdi\u00e7\u00e3o criminal do Supremo Tribunal Federal (STF). Ele argumenta que, ao retirar essa compet\u00eancia da Corte, acabariam as persegui\u00e7\u00f5es pol\u00edticas. \u201cEssa jurisdi\u00e7\u00e3o criminal serve para empoderar ministros e constrangerem deputados e senadores\u201d, alega.<\/p>\n<p><related-posts class=\"border-y border-gray-300 py-5\"><\/p>\n<h2 class=\"!text-2xl text-black font-primary font-semibold leading-none mb-3\">\n    Leia mais:<br \/>\n  <\/h2>\n<p><\/related-posts><\/p>\n<h2 class=\"wp-block-heading\">Sanderson denuncia aparelhamento das institui\u00e7\u00f5es<\/h2>\n<p>Sanderson disse n\u00e3o ter d\u00favidas de que opera\u00e7\u00f5es recentes da Pol\u00edcia Federal s\u00e3o usadas para \u201cintimidar e constranger\u201d. \u201cIsso n\u00e3o \u00e9 a primeira vez que est\u00e3o realizando\u201d, recorda. \u201cCom o petismo no poder, com a esquerda no poder, as institui\u00e7\u00f5es s\u00e3o aparelhadas. A AGU <em>[Advocacia-Geral da Uni\u00e3o]<\/em> \u00e9 aparelhada at\u00e9 o \u00faltimo fio do cabelo.\u201d<\/p>\n<p>O deputado sugeriu que a Suprema Corte n\u00e3o \u00e9 exce\u00e7\u00e3o. Um exemplo citado foi o caso da deputada Carla Zambelli (PL-SP), que segundo ele, teve seu julgamento \u201cem tempo recorde\u201d, mesmo n\u00e3o tendo cometido crime. \u201cEla tinha licen\u00e7a do Estado pra portar uma arma, e ela n\u00e3o atirou\u201d, disse. \u201c<strong>Ou seja, n\u00e3o tem crime algum<\/strong>.\u201d<\/p>\n<p>Para Sanderson, a responsabilidade por esse \u201cestado de coisas desastrosas\u201d recai sobre o Congresso. \u201cO parlamento brasileiro \u00e9 o respons\u00e1vel por esse estado de coisas\u201d, diz. \u201cEssas usurpa\u00e7\u00f5es todas s\u00f3 acontecem porque o parlamento inteiro \u00e9 covarde.\u201d<\/p>\n<figure class=\"wp-block-image aligncenter size-full is-resized\"><picture><source data-srcset=\"https:\/\/medias.revistaoeste.com\/wp-content\/uploads\/2025\/02\/sanderson.jpg.webp 1000w, https:\/\/medias.revistaoeste.com\/wp-content\/uploads\/2025\/02\/sanderson-300x185.jpg.webp 300w, https:\/\/medias.revistaoeste.com\/wp-content\/uploads\/2025\/02\/sanderson-150x92.jpg.webp 150w\" data-sizes=\"(max-width: 1000px) 100vw, 1000px\" type=\"image\/webp\"><img decoding=\"async\" width=\"1000\" height=\"616\" alt=\"sanderson\" class=\"wp-image-1897712 perfmatters-lazy\" style=\"width:764px;height:auto\" data-eio=\"p\" src=\"https:\/\/medias.revistaoeste.com\/wp-content\/uploads\/2025\/02\/sanderson.jpg\" srcset=\"https:\/\/medias.revistaoeste.com\/wp-content\/uploads\/2025\/02\/sanderson.jpg 1000w, https:\/\/medias.revistaoeste.com\/wp-content\/uploads\/2025\/02\/sanderson-300x185.jpg 300w, https:\/\/medias.revistaoeste.com\/wp-content\/uploads\/2025\/02\/sanderson-150x92.jpg 150w\" data-sizes=\"(max-width: 1000px) 100vw, 1000px\"\/><img decoding=\"async\" width=\"1000\" height=\"616\" src=\"https:\/\/medias.revistaoeste.com\/wp-content\/uploads\/2025\/02\/sanderson.jpg\" alt=\"sanderson\" class=\"wp-image-1897712\" style=\"width:764px;height:auto\" srcset=\"https:\/\/medias.revistaoeste.com\/wp-content\/uploads\/2025\/02\/sanderson.jpg 1000w, https:\/\/medias.revistaoeste.com\/wp-content\/uploads\/2025\/02\/sanderson-300x185.jpg 300w, https:\/\/medias.revistaoeste.com\/wp-content\/uploads\/2025\/02\/sanderson-150x92.jpg 150w\" sizes=\"(max-width: 1000px) 100vw, 1000px\" data-eio=\"p\"\/><\/source><\/picture><figcaption class=\"wp-element-caption\">Sanderson \u00e9 vice-l\u00edder da oposi\u00e7\u00e3o na C\u00e2mara | Foto: Vinicius Loures\/C\u00e2mara dos Deputados<\/figcaption><\/figure>\n<p>Sanderson defendeu a press\u00e3o popular como forma de cobrar posicionamentos dos parlamentares: \u201cVamos encher a Avenida Paulista, botar l\u00e1 mais de um milh\u00e3o de pessoas\u201d, convocou, em refer\u00eancia ao ato pela anistia neste domingo, 6. \u201cSe for o caso, fazermos manifesta\u00e7\u00f5es em todo o Brasil.\u201d<\/p>\n<p>Para ele, o centro pol\u00edtico e os parlamentares autodeclarados conservadores precisam responder \u00e0 sua base eleitoral: \u201cN\u00e3o \u00e9 nem atender o interesse do Sanderson, nem do Bolsonaro\u201d, disse. \u201cAtenda o interesse do seu eleitor e os senhores j\u00e1 estar\u00e3o fazendo justi\u00e7a.\u201d<\/p>\n<p><strong>Leia tamb\u00e9m:\u00a0\u201cA anistia inevit\u00e1vel\u201d, artigo de Augusto Nunes e Branca Nunes publicado na Edi\u00e7\u00e3o 255 da Revista Oeste<\/strong><\/p>\n<\/p><\/div>\n<p><br \/>\n<br \/>Fonte: <a href=\"https:\/\/revistaoeste.com\/politica\/sanderson-denuncia-perseguicao-politica-e-cobra-votacao-da-anistia\/\">Ag\u00eancia Brasil<\/a><\/p>\n","protected":false},"excerpt":{"rendered":"<p>Durante entrevista concedida ao Est\u00fadio Oeste nesta quinta-feira, 3, o deputado federal Ubiratan Sanderson (PL-RS) denunciou o que considera \u201catos de intimida\u00e7\u00e3o\u201d promovidos por institui\u00e7\u00f5es aparelhadas pelo governo petista e alertou para a urg\u00eancia da vota\u00e7\u00e3o da anistia aos presos pelos atos de 8 de janeiro de 2023. O deputado critica a \u201cmarcha autorit\u00e1ria\u201d contra [&hellip;]<\/p>\n","protected":false},"author":5,"featured_media":10105,"comment_status":"open","ping_status":"open","sticky":false,"template":"","format":"standard","meta":{"_seopress_robots_primary_cat":"","_seopress_titles_title":"","_seopress_titles_desc":"","_seopress_robots_index":"","footnotes":""},"categories":[47,1],"tags":[],"class_list":["post-10104","post","type-post","status-publish","format-standard","has-post-thumbnail","hentry","category-politica","category-ultimas-noticias"],"_links":{"self":[{"href":"https:\/\/mussicom.com\/noticias\/wp-json\/wp\/v2\/posts\/10104","targetHints":{"allow":["GET"]}}],"collection":[{"href":"https:\/\/mussicom.com\/noticias\/wp-json\/wp\/v2\/posts"}],"about":[{"href":"https:\/\/mussicom.com\/noticias\/wp-json\/wp\/v2\/types\/post"}],"author":[{"embeddable":true,"href":"https:\/\/mussicom.com\/noticias\/wp-json\/wp\/v2\/users\/5"}],"replies":[{"embeddable":true,"href":"https:\/\/mussicom.com\/noticias\/wp-json\/wp\/v2\/comments?post=10104"}],"version-history":[{"count":0,"href":"https:\/\/mussicom.com\/noticias\/wp-json\/wp\/v2\/posts\/10104\/revisions"}],"wp:featuredmedia":[{"embeddable":true,"href":"https:\/\/mussicom.com\/noticias\/wp-json\/wp\/v2\/media\/10105"}],"wp:attachment":[{"href":"https:\/\/mussicom.com\/noticias\/wp-json\/wp\/v2\/media?parent=10104"}],"wp:term":[{"taxonomy":"category","embeddable":true,"href":"https:\/\/mussicom.com\/noticias\/wp-json\/wp\/v2\/categories?post=10104"},{"taxonomy":"post_tag","embeddable":true,"href":"https:\/\/mussicom.com\/noticias\/wp-json\/wp\/v2\/tags?post=10104"}],"curies":[{"name":"wp","href":"https:\/\/api.w.org\/{rel}","templated":true}]}}