{"id":10080,"date":"2025-04-03T22:31:54","date_gmt":"2025-04-04T01:31:54","guid":{"rendered":"https:\/\/mussicom.com\/brasileiros-vao-fazer-manifestacoes-pela-anistia-na-europa-e-eua\/"},"modified":"2025-04-03T22:31:54","modified_gmt":"2025-04-04T01:31:54","slug":"brasileiros-vao-fazer-manifestacoes-pela-anistia-na-europa-e-eua","status":"publish","type":"post","link":"https:\/\/mussicom.com\/noticias\/brasileiros-vao-fazer-manifestacoes-pela-anistia-na-europa-e-eua\/","title":{"rendered":"Brasileiros v\u00e3o fazer manifesta\u00e7\u00f5es pela anistia na Europa e EUA"},"content":{"rendered":"<p> <br \/>\n<\/p>\n<div id=\"hd80s9wa1h892edh8192\">\n<p>Brasileiros no exterior v\u00e3o fazer manifesta\u00e7\u00f5es na <strong>Europa<\/strong> e nos Estados Unidos pela anistia dos presos pelo 8 de janeiro de 2023. Os atos devem ocorrer no pr\u00f3ximo domingo, 6, em pelo menos 12 cidades estrangeiras. Um dos organizadores do evento, Alexandre Kunz, participou do <strong>Jornal da Oeste<\/strong>, nesta quinta-feira, 3.<\/p>\n<p><strong>+ Leia mais not\u00edcias de Mundo em Oeste<\/strong><\/p>\n<p>\u201cQuando se fala em manifesta\u00e7\u00e3o no exterior, n\u00e3o \u00e9 muito comum\u201d, afirmou Kunz. \u201cL\u00f3gico que a direita, nos \u00faltimos anos, vem ganhando espa\u00e7o. Grupos aqui fora come\u00e7aram a se envolver mais na pol\u00edtica brasileira. Isso mostra que os brasileiros est\u00e3o acompanhando o que est\u00e1 acontecendo do Brasil.\u201d<\/p>\n<p>As manifesta\u00e7\u00f5es v\u00e3o acontecer em 12 cidades da Europa e dos Estados Unidos:<\/p>\n<ul>\n<li>Barcelona (Espanha);<\/li>\n<li>Madri (Espanha);<\/li>\n<li>Londres (Inglaterra);<\/li>\n<li>Roma (It\u00e1lia);<\/li>\n<li>Zurique (Su\u00ed\u00e7a);<\/li>\n<li>Col\u00f4nia (Alemanha);<\/li>\n<li>Nova York (Estados Unidos);<\/li>\n<li>Sul da Florida (Estados Unidos);<\/li>\n<li>Orlando (Estados Unidos);<\/li>\n<li>Washington (Estados Unidos);<\/li>\n<li>Paris (Fran\u00e7a); e<\/li>\n<li>Lisboa (Portugal).<\/li>\n<\/ul>\n<h2 class=\"wp-block-heading\">Brasileiros no exterior apoiam anistia<\/h2>\n<p><strong>As manifesta\u00e7\u00f5es ocorrer\u00e3o no mesmo dia em que o ex-presidente Jair Bolsonaro convocou um ato na Avenida Paulista, em S\u00e3o Paulo.<\/strong> O protesto tamb\u00e9m pede a anistia dos presos pelo 8 de janeiro de 2023, quando manifestantes invadiram as sedes dos Tr\u00eas Poderes, em Bras\u00edlia.<\/p>\n<p>O organizador dos protestos no exterior defende que a anistia \u00e9 necess\u00e1ria para trazer a normalidade ao Brasil. Ele disse que os brasileiros que moram em outros pa\u00edses est\u00e3o atentos ao que acontece no territ\u00f3rio brasileiro e se solidarizam com os manifestantes presos em 8 de janeiro.<\/p>\n<p><strong>Leia tamb\u00e9m: \u201cA anistia inevit\u00e1vel\u201d, artigo de Augusto Nunes publicado na Edi\u00e7\u00e3o 255 da Revista Oeste<\/strong><\/p>\n<p>\u201cOs brasileiros do exterior acreditam que a anistia \u00e9 necess\u00e1ria para as coisas come\u00e7arem a voltar a normalidade\u201d, afirmou Kunz. \u201cEm novembro de 2019, quando Lula foi solto, come\u00e7ou a criar uma frustra\u00e7\u00e3o em diversos brasileiros, que acabou com v\u00e1rias pessoas presas. N\u00f3s de fora acreditamos no Brasil, na anistia, e faremos o que for poss\u00edvel para ajudar aqueles que est\u00e3o sendo injusti\u00e7ados.\u201d<\/p>\n<figure class=\"wp-block-embed is-type-video is-provider-youtube wp-block-embed-youtube wp-embed-aspect-16-9 wp-has-aspect-ratio\">\n<div class=\"wp-block-embed__wrapper\">\n<div class=\"perfmatters-lazy-youtube\" data-src=\"https:\/\/www.youtube.com\/embed\/GQD3hu8IJBo\" data-id=\"GQD3hu8IJBo\" data-query=\"start=4089&amp;feature=oembed\" onclick=\"perfmattersLazyLoadYouTube(this);\">\n<div><img fetchpriority=\"high\" decoding=\"async\" src=\"https:\/\/i.ytimg.com\/vi\/GQD3hu8IJBo\/hqdefault.jpg\" alt=\"YouTube video\" width=\"480\" height=\"360\" data-pin-nopin=\"true\" nopin=\"nopin\"\/><\/div>\n<\/div>\n<p><noscript><iframe title=\"JORNAL DA OESTE - com Geisiane Freitas | 03\/04\/2025\" width=\"800\" height=\"450\" src=\"https:\/\/www.youtube.com\/embed\/GQD3hu8IJBo?feature=oembed\" frameborder=\"0\" allow=\"accelerometer; autoplay; clipboard-write; encrypted-media; gyroscope; picture-in-picture; web-share\" referrerpolicy=\"strict-origin-when-cross-origin\" allowfullscreen><\/iframe><\/noscript>\n<\/div>\n<\/figure>\n<p><related-posts class=\"border-y border-gray-300 py-5\"><\/p>\n<h2 class=\"!text-2xl text-black font-primary font-semibold leading-none mb-3\">\n    Leia tamb\u00e9m:<br \/>\n  <\/h2>\n<p><\/related-posts><\/p><\/div>\n<p><br \/>\n<br \/>Fonte: <a href=\"https:\/\/revistaoeste.com\/mundo\/brasileiros-vao-fazer-manifestacoes-pela-anistia-na-europa-e-nos-eua\/\">Revista Oeste<\/a><\/p>\n","protected":false},"excerpt":{"rendered":"<p>Brasileiros no exterior v\u00e3o fazer manifesta\u00e7\u00f5es na Europa e nos Estados Unidos pela anistia dos presos pelo 8 de janeiro de 2023. Os atos devem ocorrer no pr\u00f3ximo domingo, 6, em pelo menos 12 cidades estrangeiras. Um dos organizadores do evento, Alexandre Kunz, participou do Jornal da Oeste, nesta quinta-feira, 3. + Leia mais not\u00edcias [&hellip;]<\/p>\n","protected":false},"author":5,"featured_media":8988,"comment_status":"open","ping_status":"open","sticky":false,"template":"","format":"standard","meta":{"_seopress_robots_primary_cat":"","_seopress_titles_title":"","_seopress_titles_desc":"","_seopress_robots_index":"","footnotes":""},"categories":[48],"tags":[],"class_list":["post-10080","post","type-post","status-publish","format-standard","has-post-thumbnail","hentry","category-internacional"],"_links":{"self":[{"href":"https:\/\/mussicom.com\/noticias\/wp-json\/wp\/v2\/posts\/10080","targetHints":{"allow":["GET"]}}],"collection":[{"href":"https:\/\/mussicom.com\/noticias\/wp-json\/wp\/v2\/posts"}],"about":[{"href":"https:\/\/mussicom.com\/noticias\/wp-json\/wp\/v2\/types\/post"}],"author":[{"embeddable":true,"href":"https:\/\/mussicom.com\/noticias\/wp-json\/wp\/v2\/users\/5"}],"replies":[{"embeddable":true,"href":"https:\/\/mussicom.com\/noticias\/wp-json\/wp\/v2\/comments?post=10080"}],"version-history":[{"count":0,"href":"https:\/\/mussicom.com\/noticias\/wp-json\/wp\/v2\/posts\/10080\/revisions"}],"wp:featuredmedia":[{"embeddable":true,"href":"https:\/\/mussicom.com\/noticias\/wp-json\/wp\/v2\/media\/8988"}],"wp:attachment":[{"href":"https:\/\/mussicom.com\/noticias\/wp-json\/wp\/v2\/media?parent=10080"}],"wp:term":[{"taxonomy":"category","embeddable":true,"href":"https:\/\/mussicom.com\/noticias\/wp-json\/wp\/v2\/categories?post=10080"},{"taxonomy":"post_tag","embeddable":true,"href":"https:\/\/mussicom.com\/noticias\/wp-json\/wp\/v2\/tags?post=10080"}],"curies":[{"name":"wp","href":"https:\/\/api.w.org\/{rel}","templated":true}]}}